{"id":2431,"date":"2021-11-29T07:34:18","date_gmt":"2021-11-29T07:34:18","guid":{"rendered":"https:\/\/www.fondazionecorippo.ch\/die-stiftung-corippo-gedenkt-ihrem-praesidenten-in-dankbarkeit\/"},"modified":"2023-05-18T18:50:55","modified_gmt":"2023-05-18T18:50:55","slug":"die-stiftung-corippo-gedenkt-ihrem-praesidenten-in-dankbarkeit","status":"publish","type":"post","link":"https:\/\/www.fondazionecorippo.ch\/de\/die-stiftung-corippo-gedenkt-ihrem-praesidenten-in-dankbarkeit\/","title":{"rendered":"Die Stiftung Corippo gedenkt ihrem Pr\u00e4sidenten in Dankbarkeit"},"content":{"rendered":"<h1>Die Stiftung Corippo gedenkt ihrem Pr\u00e4sidenten in Dankbarkeit<\/h1>\n<p>Die Mitglieder und Mitarbeiter des Rates der Stiftung Corippo 1975 m\u00f6chten die Figur des Pr\u00e4sidenten, Architekt Fabio Giacomazzi ehren, der vorzeitig verstorben ist. Mehr als f\u00fcnfzehn Jahre lang stand er an der Spitze unserer Stiftung und erwies sich als unerm\u00fcdlicher und leidenschaftlicher Leiter. Seit seiner Ernennung ist es ihm gelungen, Begeisterung f\u00fcr die Neudefinition und Wiederbelebung der Projekte f\u00fcr Corippo zu wecken, eine Arbeit, die in dem Projekt Albergo Diffuso gipfelte, das in einigen Monaten abgeschlossen sein wird. Wir erinnern uns an ihn mit Dankbarkeit f\u00fcr seine Kompetenz, seine kulturelle Sensibilit\u00e4t und sein Engagement f\u00fcr die Entwicklung von Corippo und des gesamten Verzascatals.<\/p>\n<p><em>Corippo, 22. November 2021<\/em><\/p>\n","protected":false},"excerpt":{"rendered":"<p>Die Stiftung Corippo gedenkt ihrem Pr\u00e4sidenten in Dankbarkeit Die Mitglieder und Mitarbeiter des Rates der Stiftung Corippo 1975 m\u00f6chten die Figur des Pr\u00e4sidenten, Architekt Fabio Giacomazzi ehren, der vorzeitig verstorben<\/p>\n","protected":false},"author":1,"featured_media":2618,"comment_status":"closed","ping_status":"closed","sticky":false,"template":"","format":"gallery","meta":{"inline_featured_image":false,"_monsterinsights_skip_tracking":false,"_monsterinsights_sitenote_active":false,"_monsterinsights_sitenote_note":"","_monsterinsights_sitenote_category":0,"footnotes":""},"categories":[40],"tags":[],"class_list":["post-2431","post","type-post","status-publish","format-gallery","has-post-thumbnail","hentry","category-news-de","post_format-post-format-gallery"],"aioseo_notices":[],"_links":{"self":[{"href":"https:\/\/www.fondazionecorippo.ch\/de\/wp-json\/wp\/v2\/posts\/2431","targetHints":{"allow":["GET"]}}],"collection":[{"href":"https:\/\/www.fondazionecorippo.ch\/de\/wp-json\/wp\/v2\/posts"}],"about":[{"href":"https:\/\/www.fondazionecorippo.ch\/de\/wp-json\/wp\/v2\/types\/post"}],"author":[{"embeddable":true,"href":"https:\/\/www.fondazionecorippo.ch\/de\/wp-json\/wp\/v2\/users\/1"}],"replies":[{"embeddable":true,"href":"https:\/\/www.fondazionecorippo.ch\/de\/wp-json\/wp\/v2\/comments?post=2431"}],"version-history":[{"count":1,"href":"https:\/\/www.fondazionecorippo.ch\/de\/wp-json\/wp\/v2\/posts\/2431\/revisions"}],"predecessor-version":[{"id":2857,"href":"https:\/\/www.fondazionecorippo.ch\/de\/wp-json\/wp\/v2\/posts\/2431\/revisions\/2857"}],"wp:featuredmedia":[{"embeddable":true,"href":"https:\/\/www.fondazionecorippo.ch\/de\/wp-json\/wp\/v2\/media\/2618"}],"wp:attachment":[{"href":"https:\/\/www.fondazionecorippo.ch\/de\/wp-json\/wp\/v2\/media?parent=2431"}],"wp:term":[{"taxonomy":"category","embeddable":true,"href":"https:\/\/www.fondazionecorippo.ch\/de\/wp-json\/wp\/v2\/categories?post=2431"},{"taxonomy":"post_tag","embeddable":true,"href":"https:\/\/www.fondazionecorippo.ch\/de\/wp-json\/wp\/v2\/tags?post=2431"}],"curies":[{"name":"wp","href":"https:\/\/api.w.org\/{rel}","templated":true}]}}