{"id":3651,"date":"2023-12-31T12:02:10","date_gmt":"2023-12-31T12:02:10","guid":{"rendered":"https:\/\/www.fondazionecorippo.ch\/die-verzauberten-naechte-von-corippo-haben-zahlreiche-begeisterte-besucher-angezogen-die-krippen-der-geburt-christi-sint-noch-bis-ende-januar-fuer-die-oeffentlichkeit-zugaenglich\/"},"modified":"2024-01-05T20:36:08","modified_gmt":"2024-01-05T20:36:08","slug":"die-verzauberten-naechte-von-corippo-haben-zahlreiche-begeisterte-besucher-angezogen-die-krippen-der-geburt-christi-sint-noch-bis-ende-januar-fuer-die-oeffentlichkeit-zugaenglich","status":"publish","type":"post","link":"https:\/\/www.fondazionecorippo.ch\/de\/die-verzauberten-naechte-von-corippo-haben-zahlreiche-begeisterte-besucher-angezogen-die-krippen-der-geburt-christi-sint-noch-bis-ende-januar-fuer-die-oeffentlichkeit-zugaenglich\/","title":{"rendered":"Die \u00abVerzauberten N\u00e4chte von Corippo\u00bb haben zahlreiche begeisterte Besucher angezogen, die Krippen der Geburt Christi sint noch bis Ende Januar f\u00fcr die \u00d6ffentlichkeit zug\u00e4nglich."},"content":{"rendered":"<h3><span lang=\"DE-CH\">Die vielen Besucher folgten dem sanften Licht eines Sternenbandes, und schlenderten durch die engen und steilen Gassen dieses uralten und malerischen Dorfes mit seinen schlichten Steinh\u00e4usern.<\/span><\/h3>\n<p><a href=\"https:\/\/www.fondazionecorippo.ch\/de\/gallery\/le-notti-incantate-di-corippo\/\">=&gt;&gt; Weiter zur Bildergalerie<\/a><\/p>\n<p><img loading=\"lazy\" decoding=\"async\" class=\"alignnone size-medium wp-image-3555\" src=\"https:\/\/www.fondazionecorippo.ch\/wp-content\/uploads\/2023\/12\/Ema-300x200.jpeg\" alt=\"\" width=\"300\" height=\"200\" srcset=\"https:\/\/www.fondazionecorippo.ch\/wp-content\/uploads\/2023\/12\/Ema-300x200.jpeg 300w, https:\/\/www.fondazionecorippo.ch\/wp-content\/uploads\/2023\/12\/Ema-768x511.jpeg 768w, https:\/\/www.fondazionecorippo.ch\/wp-content\/uploads\/2023\/12\/Ema.jpeg 1000w\" sizes=\"auto, (max-width: 300px) 100vw, 300px\" \/><img loading=\"lazy\" decoding=\"async\" class=\"alignnone wp-image-3481\" src=\"https:\/\/www.fondazionecorippo.ch\/wp-content\/uploads\/2023\/12\/Fiamma-225x300.jpeg\" alt=\"\" width=\"150\" height=\"200\" srcset=\"https:\/\/www.fondazionecorippo.ch\/wp-content\/uploads\/2023\/12\/Fiamma-225x300.jpeg 225w, https:\/\/www.fondazionecorippo.ch\/wp-content\/uploads\/2023\/12\/Fiamma-768x1024.jpeg 768w, https:\/\/www.fondazionecorippo.ch\/wp-content\/uploads\/2023\/12\/Fiamma.jpeg 900w\" sizes=\"auto, (max-width: 150px) 100vw, 150px\" \/><img loading=\"lazy\" decoding=\"async\" class=\"alignnone size-medium wp-image-3579\" src=\"https:\/\/www.fondazionecorippo.ch\/wp-content\/uploads\/2023\/12\/Storie2-300x200.jpeg\" alt=\"\" width=\"300\" height=\"200\" srcset=\"https:\/\/www.fondazionecorippo.ch\/wp-content\/uploads\/2023\/12\/Storie2-300x200.jpeg 300w, https:\/\/www.fondazionecorippo.ch\/wp-content\/uploads\/2023\/12\/Storie2-768x511.jpeg 768w, https:\/\/www.fondazionecorippo.ch\/wp-content\/uploads\/2023\/12\/Storie2.jpeg 1000w\" sizes=\"auto, (max-width: 300px) 100vw, 300px\" \/><img loading=\"lazy\" decoding=\"async\" class=\"alignnone wp-image-3457\" src=\"https:\/\/www.fondazionecorippo.ch\/wp-content\/uploads\/2023\/12\/Candelabro-238x300.jpeg\" alt=\"\" width=\"158\" height=\"199\" srcset=\"https:\/\/www.fondazionecorippo.ch\/wp-content\/uploads\/2023\/12\/Candelabro-238x300.jpeg 238w, https:\/\/www.fondazionecorippo.ch\/wp-content\/uploads\/2023\/12\/Candelabro-813x1024.jpeg 813w, https:\/\/www.fondazionecorippo.ch\/wp-content\/uploads\/2023\/12\/Candelabro-768x968.jpeg 768w, https:\/\/www.fondazionecorippo.ch\/wp-content\/uploads\/2023\/12\/Candelabro.jpeg 1057w\" sizes=\"auto, (max-width: 158px) 100vw, 158px\" \/><\/p>\n<div><span lang=\"DE-CH\">Um die Atmosph\u00e4re noch intimer zu gestalten, wurden sie von Musikern mit sanften Melodien begr\u00fc\u00dft. Einen weiteren Hauch von Authentizit\u00e4t vermittelten die Geschichten von Palmira und Berto, die von zwei Freunden Corippos vorgetragen wurden, welche aus der Vergangenheit entsprungen schienen, und uns durch die drei Tage dieses intimen Festivals begleiteten. <\/span><\/div>\n<div><\/div>\n<h3><span lang=\"DE-CH\">Die Krippen der Geburt Christi sind noch bis Ende Januar f\u00fcr die \u00d6ffentlichkeit zug\u00e4nglich.<\/span><\/h3>\n<p style=\"font-weight: 400;\"><img loading=\"lazy\" decoding=\"async\" class=\"size-medium wp-image-3485 alignleft\" src=\"https:\/\/www.fondazionecorippo.ch\/wp-content\/uploads\/2023\/12\/Il-presepe-nella-Chiesa-1-225x300.jpeg\" alt=\"\" width=\"225\" height=\"300\" srcset=\"https:\/\/www.fondazionecorippo.ch\/wp-content\/uploads\/2023\/12\/Il-presepe-nella-Chiesa-1-225x300.jpeg 225w, https:\/\/www.fondazionecorippo.ch\/wp-content\/uploads\/2023\/12\/Il-presepe-nella-Chiesa-1-768x1024.jpeg 768w, https:\/\/www.fondazionecorippo.ch\/wp-content\/uploads\/2023\/12\/Il-presepe-nella-Chiesa-1.jpeg 900w\" sizes=\"auto, (max-width: 225px) 100vw, 225px\" \/><\/p>\n<div><span lang=\"DE-CH\">Das unbestrittene Meisterwerk der verzauberten N\u00e4chte von Corippo ist unbestritten die pr\u00e4chtige Krippe der Geburt Christi in der Dorfkirche, sie hat dieses Jahr zwei kleine Schwestern in der Grotte des Infopunkts auf dem Dorfplatz hinter dem Brunnen. Die drei Krippen sind reich an Details und bewegten Bildern, welche von den T\u00e4tigkeiten fr\u00fcherer Zeiten erz\u00e4hlen, wie der M\u00fchlstein, das S\u00e4gewerk, das sprudelnden Wasser oder die Polenta, die auf dem Feuer kocht. Die Landschaften der Hauptkrippe bieten dazu noch atemberaubende Ausblicke: Ganze H\u00e4user und sogar Kirchen sind echte Miniaturnachbildungen des steinernen Dorfes. Ihre vielen Details, darunter auch einige geheimnisvolle, wie die beiden W\u00f6lfe, die sich vor den Augen der Schafe verstecken, kannst du nur entdecken, wenn du sie besuchst. Die Krippen k\u00f6nnen noch bis Ende Januar besichtigt werden. <\/span><\/div>\n<div><\/div>\n<div><span lang=\"DE-CH\">Die Kirche wird t\u00e4glich von 8 bis 22 Uhr ge\u00f6ffnet sein. <\/span><\/div>\n<p>&nbsp;<\/p>\n<p>&nbsp;<\/p>\n<blockquote>\n<p style=\"font-weight: 400;\">Wer 2023 noch eine letzte zauberhafte Nacht in Corippo erleben m\u00f6chte, kann am Abend des 24. Dezember um 18 Uhr in der Dorfkirche die Weihnachtsmesse besuchen und in der Osteria des \u00abAlbergo diffuso\u00bb ab 18.30 Uhr ein spezielles Weihnachtsmenu genie\u00dfen. Bis Ende des Jahres bietet die Osteria auch noch ein k\u00f6stliches Fondue Fribourgeoise an (Reservierung unter 091 745 18 71 erbeten).<\/p>\n<\/blockquote>\n<p style=\"font-weight: 400;\">Die Veranstaltung &#8222;Le Notti incantate di Corippo&#8220; (Die verzauberten N\u00e4chte von Corippo), die das Publikum so begeistert hat, ist aus der Zusammenarbeit zwischen der Pfarrei und der Stiftung Corippo entstanden. Unter den Besuchern waren viele, die noch nie zuvor in diesem winzigen historischen Dorf, dem kleinsten der Schweiz, gewesen waren, und auch viele Nachkommen von Familien, die fr\u00fcher im Dorf gelebt hatten und sich auf die Spuren ihrer Vorfahren begehen wollten, sowie viele andere, die sich dieses poetische und intime Ereignis nicht entgehen lassen wollten. Alle teilten diese verzauberte Atmosph\u00e4re.<\/p>\n<p><img loading=\"lazy\" decoding=\"async\" class=\"alignnone size-medium wp-image-3525\" src=\"https:\/\/www.fondazionecorippo.ch\/wp-content\/uploads\/2023\/12\/Trombettista_Casa-Achille-300x200.jpeg\" alt=\"\" width=\"300\" height=\"200\" srcset=\"https:\/\/www.fondazionecorippo.ch\/wp-content\/uploads\/2023\/12\/Trombettista_Casa-Achille-300x200.jpeg 300w, https:\/\/www.fondazionecorippo.ch\/wp-content\/uploads\/2023\/12\/Trombettista_Casa-Achille-768x511.jpeg 768w, https:\/\/www.fondazionecorippo.ch\/wp-content\/uploads\/2023\/12\/Trombettista_Casa-Achille.jpeg 1000w\" sizes=\"auto, (max-width: 300px) 100vw, 300px\" \/><img loading=\"lazy\" decoding=\"async\" class=\"alignnone size-medium wp-image-3465\" src=\"https:\/\/www.fondazionecorippo.ch\/wp-content\/uploads\/2023\/12\/Chitarra-acustica-da-Piero-300x200.jpeg\" alt=\"\" width=\"300\" height=\"200\" srcset=\"https:\/\/www.fondazionecorippo.ch\/wp-content\/uploads\/2023\/12\/Chitarra-acustica-da-Piero-300x200.jpeg 300w, https:\/\/www.fondazionecorippo.ch\/wp-content\/uploads\/2023\/12\/Chitarra-acustica-da-Piero-768x511.jpeg 768w, https:\/\/www.fondazionecorippo.ch\/wp-content\/uploads\/2023\/12\/Chitarra-acustica-da-Piero.jpeg 1000w\" sizes=\"auto, (max-width: 300px) 100vw, 300px\" \/><img loading=\"lazy\" decoding=\"async\" class=\"alignnone size-medium wp-image-3517\" src=\"https:\/\/www.fondazionecorippo.ch\/wp-content\/uploads\/2023\/12\/su-e-giu-dalle-scale-300x200.jpeg\" alt=\"\" width=\"300\" height=\"200\" srcset=\"https:\/\/www.fondazionecorippo.ch\/wp-content\/uploads\/2023\/12\/su-e-giu-dalle-scale-300x200.jpeg 300w, https:\/\/www.fondazionecorippo.ch\/wp-content\/uploads\/2023\/12\/su-e-giu-dalle-scale-768x511.jpeg 768w, https:\/\/www.fondazionecorippo.ch\/wp-content\/uploads\/2023\/12\/su-e-giu-dalle-scale.jpeg 1000w\" sizes=\"auto, (max-width: 300px) 100vw, 300px\" \/><\/p>\n<blockquote>\n<p style=\"font-weight: 400;\">Ein Herr, dessen Familie fr\u00fcher in einem der H\u00e4user des Dorfes gelebt hatte, sagte fr\u00f6hlich zu einem der Musiker: &#8222;Ihr habt eine sch\u00f6ne Sache gemacht, in diesem Moment werden die alten Leute auf unserem Friedhof sicher l\u00e4cheln&#8220;. Und das wollen auch wir glauben.<\/p>\n<\/blockquote>\n<p style=\"font-weight: 400;\">Wir bedanken uns herzlich bei allen, die zu dieser ersten Sonderausgabe beigetragen haben, und w\u00fcnschen allen ein frohes Weihnachtsfest und einen guten Rutsch ins neue Jahr.<\/p>\n<p>&nbsp;<\/p>\n<p><img loading=\"lazy\" decoding=\"async\" class=\"alignnone size-medium wp-image-3542\" src=\"https:\/\/www.fondazionecorippo.ch\/wp-content\/uploads\/2023\/12\/Convivialita-in-piazza-2-300x225.jpeg\" alt=\"\" width=\"300\" height=\"225\" srcset=\"https:\/\/www.fondazionecorippo.ch\/wp-content\/uploads\/2023\/12\/Convivialita-in-piazza-2-300x225.jpeg 300w, https:\/\/www.fondazionecorippo.ch\/wp-content\/uploads\/2023\/12\/Convivialita-in-piazza-2-1024x768.jpeg 1024w, https:\/\/www.fondazionecorippo.ch\/wp-content\/uploads\/2023\/12\/Convivialita-in-piazza-2-768x576.jpeg 768w, https:\/\/www.fondazionecorippo.ch\/wp-content\/uploads\/2023\/12\/Convivialita-in-piazza-2.jpeg 1200w\" sizes=\"auto, (max-width: 300px) 100vw, 300px\" \/><img loading=\"lazy\" decoding=\"async\" class=\"alignnone wp-image-3505\" src=\"https:\/\/www.fondazionecorippo.ch\/wp-content\/uploads\/2023\/12\/LoIs_prodotti-Vera-Verzasca-225x300.jpeg\" alt=\"\" width=\"168\" height=\"224\" srcset=\"https:\/\/www.fondazionecorippo.ch\/wp-content\/uploads\/2023\/12\/LoIs_prodotti-Vera-Verzasca-225x300.jpeg 225w, https:\/\/www.fondazionecorippo.ch\/wp-content\/uploads\/2023\/12\/LoIs_prodotti-Vera-Verzasca-768x1024.jpeg 768w, https:\/\/www.fondazionecorippo.ch\/wp-content\/uploads\/2023\/12\/LoIs_prodotti-Vera-Verzasca.jpeg 900w\" sizes=\"auto, (max-width: 168px) 100vw, 168px\" \/><img loading=\"lazy\" decoding=\"async\" class=\"alignnone size-medium wp-image-3533\" src=\"https:\/\/www.fondazionecorippo.ch\/wp-content\/uploads\/2023\/12\/Visita-el-presepe-1-300x225.jpeg\" alt=\"\" width=\"300\" height=\"225\" srcset=\"https:\/\/www.fondazionecorippo.ch\/wp-content\/uploads\/2023\/12\/Visita-el-presepe-1-300x225.jpeg 300w, https:\/\/www.fondazionecorippo.ch\/wp-content\/uploads\/2023\/12\/Visita-el-presepe-1-1024x768.jpeg 1024w, https:\/\/www.fondazionecorippo.ch\/wp-content\/uploads\/2023\/12\/Visita-el-presepe-1-768x576.jpeg 768w, https:\/\/www.fondazionecorippo.ch\/wp-content\/uploads\/2023\/12\/Visita-el-presepe-1.jpeg 1200w\" sizes=\"auto, (max-width: 300px) 100vw, 300px\" \/><img loading=\"lazy\" decoding=\"async\" class=\"alignnone wp-image-3588\" src=\"https:\/\/www.fondazionecorippo.ch\/wp-content\/uploads\/2023\/12\/Fondue-225x300.jpeg\" alt=\"\" width=\"169\" height=\"226\" \/><\/p>\n<p>&nbsp;<\/p>\n","protected":false},"excerpt":{"rendered":"<p>Die vielen Besucher folgten dem sanften Licht eines Sternenbandes, und schlenderten durch die engen und steilen Gassen dieses uralten und malerischen Dorfes mit seinen schlichten Steinh\u00e4usern. =&gt;&gt; Weiter zur Bildergalerie<\/p>\n","protected":false},"author":1,"featured_media":3504,"comment_status":"closed","ping_status":"closed","sticky":false,"template":"","format":"standard","meta":{"inline_featured_image":false,"_monsterinsights_skip_tracking":false,"_monsterinsights_sitenote_active":false,"_monsterinsights_sitenote_note":"","_monsterinsights_sitenote_category":0,"footnotes":""},"categories":[40,115],"tags":[215,214,202],"class_list":["post-3651","post","type-post","status-publish","format-standard","has-post-thumbnail","hentry","category-news-de","category-veranstaltungen","tag-fondue-de","tag-le-notti-incantate-di-corippo-de","tag-presepe-de"],"aioseo_notices":[],"_links":{"self":[{"href":"https:\/\/www.fondazionecorippo.ch\/de\/wp-json\/wp\/v2\/posts\/3651","targetHints":{"allow":["GET"]}}],"collection":[{"href":"https:\/\/www.fondazionecorippo.ch\/de\/wp-json\/wp\/v2\/posts"}],"about":[{"href":"https:\/\/www.fondazionecorippo.ch\/de\/wp-json\/wp\/v2\/types\/post"}],"author":[{"embeddable":true,"href":"https:\/\/www.fondazionecorippo.ch\/de\/wp-json\/wp\/v2\/users\/1"}],"replies":[{"embeddable":true,"href":"https:\/\/www.fondazionecorippo.ch\/de\/wp-json\/wp\/v2\/comments?post=3651"}],"version-history":[{"count":2,"href":"https:\/\/www.fondazionecorippo.ch\/de\/wp-json\/wp\/v2\/posts\/3651\/revisions"}],"predecessor-version":[{"id":4053,"href":"https:\/\/www.fondazionecorippo.ch\/de\/wp-json\/wp\/v2\/posts\/3651\/revisions\/4053"}],"wp:featuredmedia":[{"embeddable":true,"href":"https:\/\/www.fondazionecorippo.ch\/de\/wp-json\/wp\/v2\/media\/3504"}],"wp:attachment":[{"href":"https:\/\/www.fondazionecorippo.ch\/de\/wp-json\/wp\/v2\/media?parent=3651"}],"wp:term":[{"taxonomy":"category","embeddable":true,"href":"https:\/\/www.fondazionecorippo.ch\/de\/wp-json\/wp\/v2\/categories?post=3651"},{"taxonomy":"post_tag","embeddable":true,"href":"https:\/\/www.fondazionecorippo.ch\/de\/wp-json\/wp\/v2\/tags?post=3651"}],"curies":[{"name":"wp","href":"https:\/\/api.w.org\/{rel}","templated":true}]}}