{"id":3410,"date":"2023-12-14T10:15:22","date_gmt":"2023-12-14T10:15:22","guid":{"rendered":"https:\/\/www.fondazionecorippo.ch\/corippo-devient-magique-avec-les-nuits-enchantees\/"},"modified":"2023-12-30T15:45:45","modified_gmt":"2023-12-30T15:45:45","slug":"corippo-devient-magique-avec-les-nuits-enchantees","status":"publish","type":"post","link":"https:\/\/www.fondazionecorippo.ch\/fr\/corippo-devient-magique-avec-les-nuits-enchantees\/","title":{"rendered":"Corippo devient magique avec les Nuits enchant\u00e9es"},"content":{"rendered":"<h1 style=\"font-weight: 400;\"><\/h1>\n<p><img loading=\"lazy\" decoding=\"async\" class=\"wp-image-3379 alignleft\" src=\"https:\/\/www.fondazionecorippo.ch\/wp-content\/uploads\/2023\/12\/Corippo-con-la-neve-224x300.jpeg\" alt=\"\" width=\"451\" height=\"604\" srcset=\"https:\/\/www.fondazionecorippo.ch\/wp-content\/uploads\/2023\/12\/Corippo-con-la-neve-224x300.jpeg 224w, https:\/\/www.fondazionecorippo.ch\/wp-content\/uploads\/2023\/12\/Corippo-con-la-neve-764x1024.jpeg 764w, https:\/\/www.fondazionecorippo.ch\/wp-content\/uploads\/2023\/12\/Corippo-con-la-neve-768x1030.jpeg 768w, https:\/\/www.fondazionecorippo.ch\/wp-content\/uploads\/2023\/12\/Corippo-con-la-neve-1145x1536.jpeg 1145w, https:\/\/www.fondazionecorippo.ch\/wp-content\/uploads\/2023\/12\/Corippo-con-la-neve-1527x2048.jpeg 1527w, https:\/\/www.fondazionecorippo.ch\/wp-content\/uploads\/2023\/12\/Corippo-con-la-neve.jpeg 1800w\" sizes=\"auto, (max-width: 451px) 100vw, 451px\" \/><\/p>\n<p style=\"font-weight: 400;\"><strong>Les vendredi 15, samedi 16 et dimanche 17 d\u00e9cembre, \u00e0 partir de 17 heures, les \u00ab\u00a0Nuits enchant\u00e9es de Corippo\u00a0\u00bb vous attendent avec trois jours de festivit\u00e9s comprenant une visite \u00e0 la cr\u00e8che, de la musique live dans les ruelles, des contes aux chandelles, de la fondue, du vin chaud et du th\u00e9 de No\u00ebl. Pour se rendre \u00e0 Corippo, il est pr\u00e9f\u00e9rable d&rsquo;utiliser les transports publics ou le service de navette mis en place depuis Lavertezzo dans la zone de Posse ou depuis le Bivio, entre 16h00 et 21h00.<\/strong><\/p>\n<p style=\"font-weight: 400;\">Les Nuits enchant\u00e9es de Corippo sont n\u00e9es d&rsquo;une id\u00e9e de la paroisse et de la Fondation Corippo pour renforcer la tradition de la cr\u00e8che install\u00e9e chaque ann\u00e9e dans l&rsquo;\u00e9glise de la B.V. del Carmine et pour donner vie \u00e0 l&rsquo;atmosph\u00e8re enchant\u00e9e de tout le village. C&rsquo;est pourquoi, cette ann\u00e9e, la cr\u00e8che sort m\u00e9taphoriquement de l&rsquo;\u00e9glise et envahit les ruelles de musique et de vie pendant trois jours, du vendredi 15 au dimanche 17 d\u00e9cembre. Comment ? Chaque jour, \u00e0 partir de 17 heures, depuis la place, apr\u00e8s un verre fumant de th\u00e9 ou de vin chaud, offert par l&rsquo;Albergo Diffuso, il suffit de suivre le \u00ab\u00a0fil des \u00e9toiles\u00a0\u00bb qui parcourt les ruelles, en se laissant emporter par la musique des concerts de No\u00ebl. Les concerts se d\u00e9rouleront tout au long de la soir\u00e9e, tandis que le rendez-vous avec les contes aura lieu \u00e0 la demi-heure. Vous pouvez choisir de visiter la grande cr\u00e8che pleine de d\u00e9tails et de magie avant ou apr\u00e8s avoir v\u00e9cu la nuit enchant\u00e9e de Corippo.<\/p>\n<p style=\"font-weight: 400;\">Les musiciens qui se produiront en concert et \u00e0 tour de r\u00f4le au cours des trois soir\u00e9es sont des ma\u00eetres de musique du Centro Studi Musicali della Svizzera Italiana Lugano et de l&rsquo;ATM Locarno : Elia Squartini &#8211; batterie, Diego Cassarino &#8211; trompette, Luca Schiavo &#8211; guitare, Manuela Arcuri &#8211; voix, Oscar Trabucchi &#8211; batterie, Simone Varamo &#8211; piano tandis que les \u00ab\u00a0conteurs\u00a0\u00bb arriveront \u00e0 Corippo &#8230; en provenance directe du pass\u00e9.<\/p>\n<blockquote>\n<p style=\"font-weight: 400;\">Pour la fondue, il est pr\u00e9f\u00e9rable de r\u00e9server en t\u00e9l\u00e9phonant \u00e0 l&rsquo;Osteria : 091 745 18 71.<\/p>\n<\/blockquote>\n<p style=\"font-weight: 400;\">L&rsquo;\u00e9v\u00e9nement a \u00e9t\u00e9 r\u00e9alis\u00e9 gr\u00e2ce aux nombreux amis de Corippo, les b\u00e9n\u00e9voles de la cr\u00e8che Massimo et Matteo Gaggetta, Michele Maggini, Claudio Ranzoni, Claudio Scettrini, Rosanna et Luciano Tenconi, Cedric Titocci et beaucoup d&rsquo;autres, l&rsquo;Albergo Diffuso, la Fondation Verzasca, Verzasca Mobile, Natal in Val, le Patriziato de Corippo et le soutien des sponsors suivants Comune di Verzasca, Organizzazione Turistica Lago Maggiore e Valli, Verzasca SA, Raiffeisen Piano di Magadino, Axa agence principale Luca Mozzetti Gordola, Regazzi et coop. Les Nuits enchant\u00e9es de Corippo font partie du vaste programme d&rsquo;\u00e9v\u00e9nements hivernaux promu par la municipalit\u00e9 de Verzasca.<\/p>\n<p>&nbsp;<\/p>\n<p style=\"font-weight: 400;\"><img loading=\"lazy\" decoding=\"async\" class=\"size-medium wp-image-3396 alignleft\" src=\"https:\/\/www.fondazionecorippo.ch\/wp-content\/uploads\/2023\/12\/dettaglio-presepe-270x300.png\" alt=\"\" width=\"270\" height=\"300\" \/><br \/>\nCorippo est facilement accessible en car postal depuis la gare de Tenero jusqu&rsquo;au Bivio et \u00e0 15 minutes de marche. Pendant ces trois jours, il est \u00e9galement possible d&rsquo;utiliser le Verzasca Mobile pour la derni\u00e8re \u00e9tape.<\/p>\n<p style=\"font-weight: 400;\"><strong>La cr\u00e8che de l&rsquo;\u00e9glise de la B.V. del Carmine est ouverte tous les jours de 8h00 \u00e0 22h00 jusqu&rsquo;au 31.01.2024.<\/strong><\/p>\n<p>&nbsp;<\/p>\n<p>&nbsp;<\/p>\n<p>&nbsp;<\/p>\n<p>&nbsp;<\/p>\n<p style=\"font-weight: 400;\"><u>Le programme<\/u><\/p>\n<div><strong><span lang=\"FR-CH\">17:00 &#8211; 21:00<\/span><\/strong><\/div>\n<ul>\n<li style=\"font-weight: 400;\">Th\u00e9 chaud et vin chaud offerts par l&rsquo;Albergo Diffuso<\/li>\n<li style=\"font-weight: 400;\">Cr\u00e8che et musique live dans les ruelles du village<\/li>\n<li style=\"font-weight: 400;\">Contes aux chandelles (\u00e0 la demi-heure)<\/li>\n<\/ul>\n<div><strong><span lang=\"FR-CH\">\u00e0 partir de 18 h 30<\/span><\/strong><\/div>\n<ul>\n<li style=\"font-weight: 400;\">Fondue fribourgeoise au fromage<\/li>\n<li style=\"font-weight: 400;\">\u00e0 l&rsquo;Osteria, sur r\u00e9servation 091 745 18 71<\/li>\n<li style=\"font-weight: 400;\">( 28 fr.\/par personne, salade comprise)<\/li>\n<\/ul>\n<p style=\"font-weight: 400;\"><strong>de 16h00 \u00e0 21h00\u00a0<\/strong><\/p>\n<ul>\n<li style=\"font-weight: 400;\">Verzasca Mobile fonctionne comme une navette de Posse \u00e0 Lavertezzo et de Bivio di Corippo<\/li>\n<\/ul>\n<p>&nbsp;<\/p>\n<p><img loading=\"lazy\" decoding=\"async\" class=\"alignnone size-medium wp-image-3384\" src=\"https:\/\/www.fondazionecorippo.ch\/wp-content\/uploads\/2023\/12\/Corippo11080x1080_a-300x300.jpg\" alt=\"\" width=\"300\" height=\"300\" srcset=\"https:\/\/www.fondazionecorippo.ch\/wp-content\/uploads\/2023\/12\/Corippo11080x1080_a-300x300.jpg 300w, https:\/\/www.fondazionecorippo.ch\/wp-content\/uploads\/2023\/12\/Corippo11080x1080_a-1024x1024.jpg 1024w, https:\/\/www.fondazionecorippo.ch\/wp-content\/uploads\/2023\/12\/Corippo11080x1080_a-150x150.jpg 150w, https:\/\/www.fondazionecorippo.ch\/wp-content\/uploads\/2023\/12\/Corippo11080x1080_a-768x768.jpg 768w, https:\/\/www.fondazionecorippo.ch\/wp-content\/uploads\/2023\/12\/Corippo11080x1080_a.jpg 1080w\" sizes=\"auto, (max-width: 300px) 100vw, 300px\" \/><img loading=\"lazy\" decoding=\"async\" class=\"alignnone size-medium wp-image-3392\" src=\"https:\/\/www.fondazionecorippo.ch\/wp-content\/uploads\/2023\/12\/Corippo11080x1080-300x300.jpg\" alt=\"\" width=\"300\" height=\"300\" srcset=\"https:\/\/www.fondazionecorippo.ch\/wp-content\/uploads\/2023\/12\/Corippo11080x1080-300x300.jpg 300w, https:\/\/www.fondazionecorippo.ch\/wp-content\/uploads\/2023\/12\/Corippo11080x1080-1024x1024.jpg 1024w, https:\/\/www.fondazionecorippo.ch\/wp-content\/uploads\/2023\/12\/Corippo11080x1080-150x150.jpg 150w, https:\/\/www.fondazionecorippo.ch\/wp-content\/uploads\/2023\/12\/Corippo11080x1080-768x768.jpg 768w, https:\/\/www.fondazionecorippo.ch\/wp-content\/uploads\/2023\/12\/Corippo11080x1080.jpg 1080w\" sizes=\"auto, (max-width: 300px) 100vw, 300px\" \/><img loading=\"lazy\" decoding=\"async\" class=\"alignnone size-medium wp-image-3388\" src=\"https:\/\/www.fondazionecorippo.ch\/wp-content\/uploads\/2023\/12\/Corippo11080x1080_b-300x300.jpg\" alt=\"\" width=\"300\" height=\"300\" srcset=\"https:\/\/www.fondazionecorippo.ch\/wp-content\/uploads\/2023\/12\/Corippo11080x1080_b-300x300.jpg 300w, https:\/\/www.fondazionecorippo.ch\/wp-content\/uploads\/2023\/12\/Corippo11080x1080_b-1024x1024.jpg 1024w, https:\/\/www.fondazionecorippo.ch\/wp-content\/uploads\/2023\/12\/Corippo11080x1080_b-150x150.jpg 150w, https:\/\/www.fondazionecorippo.ch\/wp-content\/uploads\/2023\/12\/Corippo11080x1080_b-768x768.jpg 768w, https:\/\/www.fondazionecorippo.ch\/wp-content\/uploads\/2023\/12\/Corippo11080x1080_b.jpg 1080w\" sizes=\"auto, (max-width: 300px) 100vw, 300px\" \/><\/p>\n","protected":false},"excerpt":{"rendered":"<p>Les vendredi 15, samedi 16 et dimanche 17 d\u00e9cembre, \u00e0 partir de 17 heures, les \u00ab\u00a0Nuits enchant\u00e9es de Corippo\u00a0\u00bb vous attendent avec trois jours de festivit\u00e9s comprenant une visite \u00e0<\/p>\n","protected":false},"author":1,"featured_media":3381,"comment_status":"closed","ping_status":"closed","sticky":false,"template":"","format":"standard","meta":{"inline_featured_image":false,"_monsterinsights_skip_tracking":false,"_monsterinsights_sitenote_active":false,"_monsterinsights_sitenote_note":"","_monsterinsights_sitenote_category":0,"footnotes":""},"categories":[189,41],"tags":[211,210,196],"class_list":["post-3410","post","type-post","status-publish","format-standard","has-post-thumbnail","hentry","category-eventi-fr","category-news-fr","tag-fondue-fr","tag-le-notti-incantate-di-corippo-fr","tag-presepe-fr"],"aioseo_notices":[],"_links":{"self":[{"href":"https:\/\/www.fondazionecorippo.ch\/fr\/wp-json\/wp\/v2\/posts\/3410","targetHints":{"allow":["GET"]}}],"collection":[{"href":"https:\/\/www.fondazionecorippo.ch\/fr\/wp-json\/wp\/v2\/posts"}],"about":[{"href":"https:\/\/www.fondazionecorippo.ch\/fr\/wp-json\/wp\/v2\/types\/post"}],"author":[{"embeddable":true,"href":"https:\/\/www.fondazionecorippo.ch\/fr\/wp-json\/wp\/v2\/users\/1"}],"replies":[{"embeddable":true,"href":"https:\/\/www.fondazionecorippo.ch\/fr\/wp-json\/wp\/v2\/comments?post=3410"}],"version-history":[{"count":2,"href":"https:\/\/www.fondazionecorippo.ch\/fr\/wp-json\/wp\/v2\/posts\/3410\/revisions"}],"predecessor-version":[{"id":3412,"href":"https:\/\/www.fondazionecorippo.ch\/fr\/wp-json\/wp\/v2\/posts\/3410\/revisions\/3412"}],"wp:featuredmedia":[{"embeddable":true,"href":"https:\/\/www.fondazionecorippo.ch\/fr\/wp-json\/wp\/v2\/media\/3381"}],"wp:attachment":[{"href":"https:\/\/www.fondazionecorippo.ch\/fr\/wp-json\/wp\/v2\/media?parent=3410"}],"wp:term":[{"taxonomy":"category","embeddable":true,"href":"https:\/\/www.fondazionecorippo.ch\/fr\/wp-json\/wp\/v2\/categories?post=3410"},{"taxonomy":"post_tag","embeddable":true,"href":"https:\/\/www.fondazionecorippo.ch\/fr\/wp-json\/wp\/v2\/tags?post=3410"}],"curies":[{"name":"wp","href":"https:\/\/api.w.org\/{rel}","templated":true}]}}